{"id":4205,"date":"2024-06-03T06:00:00","date_gmt":"2024-06-03T06:00:00","guid":{"rendered":"https:\/\/highfrequency.tv\/?p=4205"},"modified":"2024-05-31T16:51:41","modified_gmt":"2024-05-31T16:51:41","slug":"regragui-discute-du-retour-de-saiss-et-de-labsence-de-joueurs-de-la-botola-lors-de-la-conference-de-presse","status":"publish","type":"post","link":"https:\/\/highfrequency.tv\/?p=4205&lang=fr","title":{"rendered":"Regragui discute du retour de Saiss et de l&#8217;absence de joueurs de la Botola lors de la conf\u00e9rence de presse"},"content":{"rendered":"\n<p>Le s\u00e9lectionneur national Walid Regragui a comment\u00e9 le retour du capitaine des Lions de l&#8217;Atlas, Romain Sa\u00efss, apr\u00e8s avoir manqu\u00e9 le camp en mars. Il a r\u00e9it\u00e9r\u00e9 que Sa\u00efss n&#8217;avait pas \u00e9t\u00e9 appel\u00e9 pour permettre \u00e0 Regragui de tester de jeunes joueurs.<\/p>\n\n\n\n<p>Lors d&#8217;une conf\u00e9rence de presse mardi, o\u00f9 Regragui a annonc\u00e9 la s\u00e9lection des Lions de l&#8217;Atlas pour les prochains matchs de qualification pour la Coupe du monde, il a soulign\u00e9 sa confiance en Sa\u00efss et ses qualit\u00e9s de leadership.<\/p>\n\n\n\n<p>L&#8217;entra\u00eeneur a \u00e9galement parl\u00e9 des pr\u00e9occupations concernant l&#8217;\u00e9tat de pr\u00e9paration de Nayef Aguerd suite \u00e0 sa blessure \u00e0 West Ham. Il a not\u00e9 qu&#8217;Aguerd travaille sur sa condition physique avec le m\u00e9decin de l&#8217;\u00e9quipe nationale.<\/p>\n\n\n\n<p>En r\u00e9ponse aux questions sur l&#8217;absence de joueurs de la Botola dans la s\u00e9lection, Regragui a d\u00e9clar\u00e9 que sa s\u00e9lection est bas\u00e9e sur le m\u00e9rite et l&#8217;alignement avec son style de jeu. Il a utilis\u00e9 les exemples de Rahimi et El Kaabi, qui ont \u00e9t\u00e9 appel\u00e9s apr\u00e8s avoir am\u00e9lior\u00e9 leurs performances. L&#8217;entra\u00eeneur a clairement indiqu\u00e9 qu&#8217;il n&#8217;y aurait pas de quota pour les joueurs issus de la ligue locale, ajoutant : &#8220;Si des noms \u00e9mergent qui m\u00e9ritent d&#8217;\u00eatre dans l&#8217;\u00e9quipe nationale, ils seront appel\u00e9s.&#8221;<\/p>\n\n\n\n<p><strong>HESPRESS ENGLISH<\/strong><\/p>\n","protected":false},"excerpt":{"rendered":"<p>Le s\u00e9lectionneur national Walid Regragui a comment\u00e9 le retour du capitaine des Lions de l&#8217;Atlas, Romain Sa\u00efss, apr\u00e8s avoir manqu\u00e9 le camp en mars. Il a r\u00e9it\u00e9r\u00e9 que Sa\u00efss n&#8217;avait pas \u00e9t\u00e9 appel\u00e9 pour permettre \u00e0 Regragui de tester de jeunes joueurs. Lors d&#8217;une conf\u00e9rence de presse mardi, o\u00f9 Regragui a annonc\u00e9 la s\u00e9lection des [&hellip;]<\/p>\n","protected":false},"author":3,"featured_media":4193,"comment_status":"open","ping_status":"open","sticky":false,"template":"","format":"standard","meta":{"footnotes":""},"categories":[140],"tags":[],"series":[],"class_list":["post-4205","post","type-post","status-publish","format-standard","has-post-thumbnail","hentry","category-sport-fr"],"_links":{"self":[{"href":"https:\/\/highfrequency.tv\/index.php?rest_route=\/wp\/v2\/posts\/4205","targetHints":{"allow":["GET"]}}],"collection":[{"href":"https:\/\/highfrequency.tv\/index.php?rest_route=\/wp\/v2\/posts"}],"about":[{"href":"https:\/\/highfrequency.tv\/index.php?rest_route=\/wp\/v2\/types\/post"}],"author":[{"embeddable":true,"href":"https:\/\/highfrequency.tv\/index.php?rest_route=\/wp\/v2\/users\/3"}],"replies":[{"embeddable":true,"href":"https:\/\/highfrequency.tv\/index.php?rest_route=%2Fwp%2Fv2%2Fcomments&post=4205"}],"version-history":[{"count":0,"href":"https:\/\/highfrequency.tv\/index.php?rest_route=\/wp\/v2\/posts\/4205\/revisions"}],"wp:featuredmedia":[{"embeddable":true,"href":"https:\/\/highfrequency.tv\/index.php?rest_route=\/wp\/v2\/media\/4193"}],"wp:attachment":[{"href":"https:\/\/highfrequency.tv\/index.php?rest_route=%2Fwp%2Fv2%2Fmedia&parent=4205"}],"wp:term":[{"taxonomy":"category","embeddable":true,"href":"https:\/\/highfrequency.tv\/index.php?rest_route=%2Fwp%2Fv2%2Fcategories&post=4205"},{"taxonomy":"post_tag","embeddable":true,"href":"https:\/\/highfrequency.tv\/index.php?rest_route=%2Fwp%2Fv2%2Ftags&post=4205"},{"taxonomy":"series","embeddable":true,"href":"https:\/\/highfrequency.tv\/index.php?rest_route=%2Fwp%2Fv2%2Fseries&post=4205"}],"curies":[{"name":"wp","href":"https:\/\/api.w.org\/{rel}","templated":true}]}}