{"id":4477,"date":"2024-06-07T06:00:00","date_gmt":"2024-06-07T06:00:00","guid":{"rendered":"https:\/\/highfrequency.tv\/?p=4477"},"modified":"2024-06-06T15:18:28","modified_gmt":"2024-06-06T15:18:28","slug":"le-sg-de-la-caf-annonce-que-la-coupe-dafrique-au-maroc-sera-reportee-au-debut-de-2026","status":"publish","type":"post","link":"https:\/\/highfrequency.tv\/?p=4477&lang=fr","title":{"rendered":"Le SG de la CAF annonce que la Coupe d&#8217;Afrique au Maroc sera report\u00e9e au d\u00e9but de 2026"},"content":{"rendered":"\n<p>Le journal fran\u00e7ais &#8220;L&#8217;Equipe&#8221; a annonc\u00e9 que la date de d\u00e9but de la Coupe d&#8217;Afrique des Nations 2025, pr\u00e9vue au Maroc, a \u00e9t\u00e9 report\u00e9e au d\u00e9but de 2026.<\/p>\n\n\n\n<p>Ce report, selon le journal sportif, est d\u00fb au chevauchement du tournoi africain avec les finales de la Coupe du Monde des Clubs, qui auront lieu \u00e0 l&#8217;\u00e9t\u00e9 2025 aux \u00c9tats-Unis, avec la participation de 32 \u00e9quipes.<\/p>\n\n\n\n<p>Le journal a ajout\u00e9, citant Veron Mosengo-Omba, le secr\u00e9taire g\u00e9n\u00e9ral de l&#8217;organe directeur du football africain, que la &#8220;CAF&#8221; a d\u00e9cid\u00e9 de reporter les finales de la Coupe d&#8217;Afrique des Nations au d\u00e9but de 2026, pour faire place \u00e0 la Coupe du Monde des Clubs dans sa nouvelle version, entre le 15 juin et le 13 juillet 2025.<\/p>\n\n\n\n<p>&#8220;Nous pourrions programmer les finales de la Coupe d&#8217;Afrique des Nations apr\u00e8s la Coupe du Monde des Clubs en \u00e9t\u00e9, mais cela ne serait pas favorable pour les joueurs africains qui devraient participer \u00e0 la Coupe du Monde en Am\u00e9rique et ensuite revenir imm\u00e9diatement pour participer \u00e0 la Coupe d&#8217;Afrique ; ce n&#8217;est pas facile pour eux apr\u00e8s une saison charg\u00e9e,&#8221; a expliqu\u00e9 Mosengo-Omba.<\/p>\n\n\n\n<p>Hesport avait pr\u00e9c\u00e9demment rapport\u00e9 via ses propres sources que la Conf\u00e9d\u00e9ration Africaine de Football, en collaboration avec la FIFA et la F\u00e9d\u00e9ration Marocaine de Football, avait conclu un accord pour reporter les finales de la Coupe d&#8217;Afrique des Nations, pr\u00e9vues pour l&#8217;\u00e9t\u00e9 2025, \u00e0 entre la fin 2025 et le d\u00e9but 2026.<\/p>\n\n\n\n<p><strong>HESPRESS ENGLISH<\/strong><\/p>\n","protected":false},"excerpt":{"rendered":"<p>Le journal fran\u00e7ais &#8220;L&#8217;Equipe&#8221; a annonc\u00e9 que la date de d\u00e9but de la Coupe d&#8217;Afrique des Nations 2025, pr\u00e9vue au Maroc, a \u00e9t\u00e9 report\u00e9e au d\u00e9but de 2026. Ce report, selon le journal sportif, est d\u00fb au chevauchement du tournoi africain avec les finales de la Coupe du Monde des Clubs, qui auront lieu \u00e0 [&hellip;]<\/p>\n","protected":false},"author":3,"featured_media":4453,"comment_status":"open","ping_status":"open","sticky":false,"template":"","format":"standard","meta":{"footnotes":""},"categories":[140],"tags":[],"series":[],"class_list":["post-4477","post","type-post","status-publish","format-standard","has-post-thumbnail","hentry","category-sport-fr"],"_links":{"self":[{"href":"https:\/\/highfrequency.tv\/index.php?rest_route=\/wp\/v2\/posts\/4477","targetHints":{"allow":["GET"]}}],"collection":[{"href":"https:\/\/highfrequency.tv\/index.php?rest_route=\/wp\/v2\/posts"}],"about":[{"href":"https:\/\/highfrequency.tv\/index.php?rest_route=\/wp\/v2\/types\/post"}],"author":[{"embeddable":true,"href":"https:\/\/highfrequency.tv\/index.php?rest_route=\/wp\/v2\/users\/3"}],"replies":[{"embeddable":true,"href":"https:\/\/highfrequency.tv\/index.php?rest_route=%2Fwp%2Fv2%2Fcomments&post=4477"}],"version-history":[{"count":0,"href":"https:\/\/highfrequency.tv\/index.php?rest_route=\/wp\/v2\/posts\/4477\/revisions"}],"wp:featuredmedia":[{"embeddable":true,"href":"https:\/\/highfrequency.tv\/index.php?rest_route=\/wp\/v2\/media\/4453"}],"wp:attachment":[{"href":"https:\/\/highfrequency.tv\/index.php?rest_route=%2Fwp%2Fv2%2Fmedia&parent=4477"}],"wp:term":[{"taxonomy":"category","embeddable":true,"href":"https:\/\/highfrequency.tv\/index.php?rest_route=%2Fwp%2Fv2%2Fcategories&post=4477"},{"taxonomy":"post_tag","embeddable":true,"href":"https:\/\/highfrequency.tv\/index.php?rest_route=%2Fwp%2Fv2%2Ftags&post=4477"},{"taxonomy":"series","embeddable":true,"href":"https:\/\/highfrequency.tv\/index.php?rest_route=%2Fwp%2Fv2%2Fseries&post=4477"}],"curies":[{"name":"wp","href":"https:\/\/api.w.org\/{rel}","templated":true}]}}