{"id":4568,"date":"2024-06-09T06:00:00","date_gmt":"2024-06-09T06:00:00","guid":{"rendered":"https:\/\/highfrequency.tv\/?p=4568"},"modified":"2024-06-07T12:30:00","modified_gmt":"2024-06-07T12:30:00","slug":"marca-rapporte-que-brahim-diaz-du-maroc-est-un-candidat-serieux-pour-le-ballon-dor-africain","status":"publish","type":"post","link":"https:\/\/highfrequency.tv\/?p=4568&lang=fr","title":{"rendered":"Marca rapporte que Brahim Diaz du Maroc est un candidat s\u00e9rieux pour le Ballon d&#8217;Or Africain"},"content":{"rendered":"\n<p>Le footballeur international marocain est devenu un candidat s\u00e9rieux pour concourir pour le Ballon d&#8217;Or Africain.<\/p>\n\n\n\n<p>La star du Real Madrid, qui a contribu\u00e9 de mani\u00e8re significative au succ\u00e8s de son club en s\u00e9curisant le titre de la Ligue des champions, a une &#8220;chance s\u00e9rieuse&#8221; de remporter le Ballon d&#8217;Or Africain, a soutenu Marca.<\/p>\n\n\n\n<p>&#8220;En fait, Brahim pourrait \u00eatre le premier joueur du Real Madrid \u00e0 remporter ce prix, cr\u00e9\u00e9 par France Football en 1970 mais qui appartient d\u00e9sormais officiellement \u00e0 la Conf\u00e9d\u00e9ration Africaine de Football (depuis 1992),&#8221; a \u00e9crit Marca.<\/p>\n\n\n\n<p>Le m\u00e9dia espagnol a soulign\u00e9 la d\u00e9vouement de Diaz aux Los Blancos et aux Lions de l&#8217;Atlas du Maroc, avec lesquels il fera ses d\u00e9buts officiels en tant que joueur de l&#8217;\u00e9quipe nationale.<\/p>\n\n\n\n<p>Diaz a r\u00e9cemment jou\u00e9 dans deux matchs amicaux pour le Maroc, mais fera sa premi\u00e8re apparition officielle dans un match comp\u00e9titif vendredi contre la Zambie dans le cadre des qualifications pour la Coupe du Monde 2026.<\/p>\n\n\n\n<p>Marca a \u00e9galement soulign\u00e9 comment Diaz s&#8217;efforce de promouvoir l&#8217;image du Maroc, en particulier, et de tout le continent.<\/p>\n\n\n\n<p>&#8220;Il a toujours dit qu&#8217;il se sent tr\u00e8s aim\u00e9 et que ce serait un r\u00eave de remporter ce Ballon d&#8217;Or et d&#8217;autres troph\u00e9es&#8221; avec les Lions de l&#8217;Atlas, a ajout\u00e9 Marca.<\/p>\n\n\n\n<p>Diaz est apparu dans 45 matchs pour le Real Madrid cette saison, marquant 12 buts.<\/p>\n\n\n\n<p>En mars, Diaz a exprim\u00e9 dans une interview sa satisfaction quant \u00e0 la d\u00e9cision de repr\u00e9senter le Maroc.<\/p>\n\n\n\n<p>&#8220;Je me sens 100% espagnol et je me sens 100% marocain. J&#8217;ai grandi en Espagne. Si je dois marquer un but pour l&#8217;Espagne, bien s\u00fbr, je serais heureux, mais je pr\u00e9f\u00e9rerais \u00e9galement marquer pour une autre \u00e9quipe nationale,&#8221; a d\u00e9clar\u00e9 Diaz, qui se d\u00e9crit comme un joueur aux racines marocaines mais \u00e9lev\u00e9 et form\u00e9 en Espagne.<\/p>\n\n\n\n<p><strong>MOROCCO WORLD NEWS<\/strong><\/p>\n","protected":false},"excerpt":{"rendered":"<p>Le footballeur international marocain est devenu un candidat s\u00e9rieux pour concourir pour le Ballon d&#8217;Or Africain. La star du Real Madrid, qui a contribu\u00e9 de mani\u00e8re significative au succ\u00e8s de son club en s\u00e9curisant le titre de la Ligue des champions, a une &#8220;chance s\u00e9rieuse&#8221; de remporter le Ballon d&#8217;Or Africain, a soutenu Marca. &#8220;En [&hellip;]<\/p>\n","protected":false},"author":3,"featured_media":4541,"comment_status":"open","ping_status":"open","sticky":false,"template":"","format":"standard","meta":{"footnotes":""},"categories":[140],"tags":[],"series":[],"class_list":["post-4568","post","type-post","status-publish","format-standard","has-post-thumbnail","hentry","category-sport-fr"],"_links":{"self":[{"href":"https:\/\/highfrequency.tv\/index.php?rest_route=\/wp\/v2\/posts\/4568","targetHints":{"allow":["GET"]}}],"collection":[{"href":"https:\/\/highfrequency.tv\/index.php?rest_route=\/wp\/v2\/posts"}],"about":[{"href":"https:\/\/highfrequency.tv\/index.php?rest_route=\/wp\/v2\/types\/post"}],"author":[{"embeddable":true,"href":"https:\/\/highfrequency.tv\/index.php?rest_route=\/wp\/v2\/users\/3"}],"replies":[{"embeddable":true,"href":"https:\/\/highfrequency.tv\/index.php?rest_route=%2Fwp%2Fv2%2Fcomments&post=4568"}],"version-history":[{"count":0,"href":"https:\/\/highfrequency.tv\/index.php?rest_route=\/wp\/v2\/posts\/4568\/revisions"}],"wp:featuredmedia":[{"embeddable":true,"href":"https:\/\/highfrequency.tv\/index.php?rest_route=\/wp\/v2\/media\/4541"}],"wp:attachment":[{"href":"https:\/\/highfrequency.tv\/index.php?rest_route=%2Fwp%2Fv2%2Fmedia&parent=4568"}],"wp:term":[{"taxonomy":"category","embeddable":true,"href":"https:\/\/highfrequency.tv\/index.php?rest_route=%2Fwp%2Fv2%2Fcategories&post=4568"},{"taxonomy":"post_tag","embeddable":true,"href":"https:\/\/highfrequency.tv\/index.php?rest_route=%2Fwp%2Fv2%2Ftags&post=4568"},{"taxonomy":"series","embeddable":true,"href":"https:\/\/highfrequency.tv\/index.php?rest_route=%2Fwp%2Fv2%2Fseries&post=4568"}],"curies":[{"name":"wp","href":"https:\/\/api.w.org\/{rel}","templated":true}]}}